{"id":111846,"date":"2023-02-08T01:52:25","date_gmt":"2023-02-08T09:52:25","guid":{"rendered":"https:\/\/dioceseofocstg.wpengine.com\/newsroom-archive\/la-diocesis-de-orange-y-la-catedral-de-cristo-lanzan-la-celebracion-inaugural-de-las-jornadas-marianas\/"},"modified":"2023-05-03T22:47:47","modified_gmt":"2023-05-04T05:47:47","slug":"inaugural-marian-days-celebration","status":"publish","type":"newsroom","link":"https:\/\/dioceseofocstg.wpengine.com\/es\/newsroom-archive\/inaugural-marian-days-celebration\/","title":{"rendered":"La Di\u00f3cesis de Orange y la Catedral de Cristo lanzan la celebraci\u00f3n inaugural de las Jornadas Marianas"},"content":{"rendered":"\t\t<div data-elementor-type=\"wp-post\" data-elementor-id=\"111846\" class=\"elementor elementor-111846 elementor-35975\" data-elementor-post-type=\"newsroom\">\n\t\t\t\t\t\t<section class=\"elementor-section elementor-top-section elementor-element elementor-element-bd70fee elementor-section-boxed elementor-section-height-default elementor-section-height-default\" data-id=\"bd70fee\" data-element_type=\"section\">\n\t\t\t\t\t\t<div class=\"elementor-container elementor-column-gap-default\">\n\t\t\t\t\t<div class=\"elementor-column elementor-col-100 elementor-top-column elementor-element elementor-element-ca1967e\" data-id=\"ca1967e\" data-element_type=\"column\">\n\t\t\t<div class=\"elementor-widget-wrap elementor-element-populated\">\n\t\t\t\t\t\t<div class=\"elementor-element elementor-element-623ffe0 elementor-widget elementor-widget-text-editor\" data-id=\"623ffe0\" data-element_type=\"widget\" data-widget_type=\"text-editor.default\">\n\t\t\t\t<div class=\"elementor-widget-container\">\n\t\t\t\t\t\t\t    <p><strong><i>El acto, que se celebrar\u00e1 los d\u00edas 1 y 2 de julio, est\u00e1 inspirado en las Jornadas Marianas que se celebraron por primera vez en Missouri.\n  en 1978, se espera que&nbsp;atraiga a&nbsp;miles de fieles, en particular&nbsp;vietnamitas\n  Cat\u00f3licos, para un ambiente de festival&nbsp;de culto, procesiones, talleres, comida y\n  entretenimiento.<\/i><\/strong><\/p>\n    <p><a href=\"https:\/\/rcbo.filecamp.com\/s\/fdMqtgreZOtAOS6I\/fi\" target=\"_blank\" rel=\"noopener\">Descargar el comunicado de prensa\n  en vietnamita<\/a><\/p>\n    <div class=\"page\" title=\"P\u00e1gina 1\">\n        <div class=\"layoutArea\">\n            <div class=\"column\">\n                <div class=\"page\" title=\"P\u00e1gina 1\">\n                    <div class=\"layoutArea\">\n                        <div class=\"column\">\n                            <p><strong>GARDEN GROVE, California (15 de junio de 2022)<\/strong> &#8211; La di\u00f3cesis cat\u00f3lica romana de\n  Orange se complace en anunciar la celebraci\u00f3n inaugural de las Jornadas Marianas, un acontecimiento de dos d\u00edas de duraci\u00f3n el\n  1 y 2 de julio, que se espera atraiga a miles de fieles de toda la regi\u00f3n.\n  y el pa\u00eds al campus de la Catedral de Cristo para misas, procesiones, talleres, m\u00edtines,\n  culto, baile, comida y entretenimiento.<\/p>\n                            <p>Las Jornadas Marianas, cuyo tema es \u00abCon Mar\u00eda, dando gracias a Dios\u00bb, contar\u00e1n con un festival\n  ambiente y oradores invitados para j\u00f3venes y adultos de la parroquia sobre temas como\n  catequesis, educaci\u00f3n, teolog\u00eda, mariolog\u00eda, oraci\u00f3n y liturgia. Tambi\u00e9n habr\u00e1 un\n  zona de stands informativos con representantes de varias parroquias de la Di\u00f3cesis de Orange,\n  ministerios y otras Di\u00f3cesis.<\/p>\n                            <p>\u00abEs con gran alegr\u00eda y emoci\u00f3n que la Di\u00f3cesis de Orange y la Catedral de Cristo acogen a\n  nuestras primeras Jornadas Marianas, que esperamos se conviertan en una tradici\u00f3n anual para los cat\u00f3licos.\n  en toda nuestra di\u00f3cesis y nuestra regi\u00f3n\u00bb, declar\u00f3 el obispo Thanh Thai Nguyen. \u00abA lo largo de nuestra\n  En el marco de esta celebraci\u00f3n, llevaremos en el coraz\u00f3n el tema \u00abCon Mar\u00eda, dar gracias a Dios\u00bb.\n  porque continuamente damos gracias por el don de la vida, el don de la familia parroquial y\n  comunidad diocesana, y el don de la fe. Ahora que se acerca el 4 de julio, vamos a\n  especialmente participar en el don de la libertad religiosa de nuestro pa\u00eds\u00bb.<\/p>\n                            <p>Se invita a los miembros de los medios de comunicaci\u00f3n a visitar el campus el 22 de junio a las 9.00 horas, antes del\n  Marian Days, para escuchar al obispo Nguyen y a otros hablar sobre el evento de dos d\u00edas y su\n  inspiraci\u00f3n. La presentaci\u00f3n incluir\u00e1 una visita al Santuario de Nuestra Se\u00f1ora de La Vang.\n  Se ofrecer\u00e1n oportunidades de entrevista.<\/p>\n                            <p>Se ruega a los miembros de los medios de comunicaci\u00f3n que confirmen su asistencia poni\u00e9ndose en contacto con Bradley Zint, subdirector de\n  comunicaciones, en <a target=\"_blank\" rel=\"noopener\">bzint@rcbo.org<\/a> o (714)\n  282-6052.<\/p>\n                            <p><strong>Fondo de las Jornadas Marianas<br><\/strong>La celebraci\u00f3n de la Di\u00f3cesis de Orange fue\n  inspirada y modelada a partir de las Jornadas Marianas anuales de Carthage, Missouri. Que\n  de peregrinaci\u00f3n se celebra desde 1978 y atrae a decenas de miles de personas.\n  asistentes, en particular cat\u00f3licos vietnamitas, al Medio Oeste para honrar a la Sant\u00edsima Virgen\n  Mar\u00eda.<\/p>\n                            <p>Las Jornadas Marianas del Condado de Orange se centrar\u00e1n en la Virgen de La Vang de la catedral\n  Santuario, que fue bendecido ante una multitud de m\u00e1s de 8.500 personas en julio de 2021. El casi\n  La pieza central del santuario, valorado en 13 millones de d\u00f3lares, es una estatua de la Virgen Mar\u00eda de 3,5 metros de altura que representa c\u00f3mo la Virgen Mar\u00eda se convirti\u00f3 en la Madre de Dios.\n  Se cree que la Virgen se apareci\u00f3 ante un grupo de vietnamitas perseguidos\n  Cat\u00f3licos en 1798 en una selva de Vietnam.<\/p>\n                            <p>El santuario, que a\u00fan se est\u00e1 terminando por fases, ha sido una fuente importante de\n  de los visitantes del campus de la Catedral de Cristo desde su fundaci\u00f3n.\n  bendici\u00f3n. En el santuario se celebran misas mensuales y otras celebraciones, en particular con motivo del D\u00eda de la Naranja.\n  La gran comunidad cat\u00f3lica vietnamita del condado.<\/p>\n                            <p>\u00abCon Mar\u00eda, agradecemos a Dios sus dones, especialmente el de Nuestra Se\u00f1ora de La Vang\n  Santuario que ha atra\u00eddo a muchos peregrinos a visitar este lugar sagrado a lo largo del a\u00f1o pasado\u00bb.\n  dijo el obispo Nguyen.<\/p>\n                            <p>A\u00f1adi\u00f3 el obispo Kevin Vann: \u00abLas Jornadas Marianas ofrecer\u00e1n a todos los cat\u00f3licos la oportunidad de venir\n  juntos, para caminar en la procesi\u00f3n mariana mientras se reza el Santo Rosario alrededor del\n  campus de la catedral, y a participar en misas con los obispos de la di\u00f3cesis de\n  Naranja. Nuestra comunidad cat\u00f3lica caminar\u00e1 verdaderamente unida en la fe a trav\u00e9s de la conferencia magistral\n  participar en la adoraci\u00f3n y confesi\u00f3n en la Catedral de Cristo, escuchar a\n  actuaciones musicales cristianas, disfrutar del arte de nuestro hermoso campus y visitar el\n  magn\u00edfico Santuario de Nuestra Se\u00f1ora de La Vang\u00bb.<br><strong><br>Desglose del evento<\/strong><br>Para\n  La celebraci\u00f3n comienza a las 18.00 horas del 1 de julio, con la actuaci\u00f3n de un grupo de tambores y 250 cantantes.\n  antes de la misa de apertura ante el Santuario de Nuestra Se\u00f1ora de La Vang. Obispo Timoteo\n  Freyer ser\u00e1 el celebrante. Al mismo tiempo, habr\u00e1 una sesi\u00f3n para adolescentes en la que participar\u00e1n\n  cantos, v\u00edtores y sermones en otros lugares del campus.<\/p>\n                        <\/div>\n                    <\/div>\n                <\/div>\n                <div class=\"page\" title=\"P\u00e1gina 2\">\n                    <div class=\"layoutArea\">\n                        <div class=\"column\">\n                            <p>A las 21.00 horas comenzar\u00e1 el primero de varios actos para j\u00f3venes adultos, que incluir\u00e1 un\n  Procesi\u00f3n con velas hasta el Santuario de Nuestra Se\u00f1ora de La Vang.<\/p>\n                            <p>El 2 de julio, la jornada comienza a las 8.00 horas. Misa en la Catedral de Cristo, con el obispo Thanh\n  Thai Nguyen como celebrante principal. La misa incluye un coro de 100 personas.<\/p>\n                            <p>A lo largo del d\u00eda, el campus acoger\u00e1 diversos talleres y sesiones dirigidos a adultos\n  y adolescentes. Tambi\u00e9n habr\u00e1 una zona de stands con representantes de las iglesias, comida y actuaciones en directo.\n  entretenimiento.<\/p>\n                            <p>Las Jornadas Marianas contin\u00faan hacia las 16.30 horas del 2 de julio con una procesi\u00f3n del rosario. Entonces,\n  miles de fieles saldr\u00e1n a las calles en torno a la Catedral de Cristo\n  campus, recorriendo un sendero que termina en el Santuario de Nuestra Se\u00f1ora de La Vang.<\/p>\n                            <p>Una vez en el santuario, en torno a las 18.15 horas habr\u00e1 un preludio y danza lit\u00fargica\n  con m\u00e1s de 200 bailarines, un coro de 500 miembros y una orquesta. A las 19.30 horas, el obispo\n  Vann ser\u00e1 el celebrante principal de la misa, con el obispo Nguyen como homilista. En\n  Durante la misa se anunciar\u00e1n las fechas de las Jornadas Marianas de 2023.<\/p>\n                            <p>Para consultar el programa completo de actos, visite <a href=\"https:\/\/mariandays.dioceseofocstg.wpengine.com\/\" target=\"_blank\" rel=\"noopener\">mariandays.dioceseofocstg.wpengine.com.<\/a><\/p>\n                        <\/div>\n                    <\/div>\n                <\/div>\n                <div class=\"page\" title=\"P\u00e1gina 3\">\n                    <div class=\"layoutArea\">\n                        <div class=\"column\">\n                            <p>*<br><strong>Para los medios de comunicaci\u00f3n: Major Visuals<br><\/strong>6 p.m., 1 de julio: Grupo de tambores, 250 cantantes\n  antes de la misa de apertura ante el Santuario de Nuestra Se\u00f1ora de La Vang. La misa comienza a las 7:30\n  p.m.<br>18.00 horas, 1 de julio: Concentraci\u00f3n de j\u00f3venes en el gimnasio de la Academia de la Catedral de Cristo.<br>21 h, julio\n  1: Procesi\u00f3n de coros y velas desde el gimnasio hasta el Santuario de Nuestra Se\u00f1ora de La Vang.<br>4:30\n  p.m., 2 de julio: Procesi\u00f3n del Rosario alrededor del campus de la Catedral de Cristo y hacia el\n  calles<br>18.15 h, 2 de julio: Preludio y danza lit\u00fargica con m\u00e1s de 200 bailarines<br>7:30\n  p.m., 2 de julio: Misa con el Obispo Kevin Vann, m\u00e1s de 500 coristas y\n  orquesta&nbsp;consola.<\/p>\n                            <p>*<br><strong>Credenciales de prensa para las Jornadas Marianas<\/strong><br>Qu\u00e9: Las credenciales de prensa son\n  necesarios para cubrir las Jornadas Marianas de la Di\u00f3cesis de Orange para reportajes, videograf\u00eda y\n  fotograf\u00eda.<br>Cu\u00e1ndo: de 18.00 a 23.00 horas, el 1 de julio &#8211; de 8.00 a 22.00 horas, el 2 de julio<br>D\u00f3nde:\n  Campus de la Catedral de Cristo, 13280 Chapman Ave., Garden Grove CA 92840<br>Confirmaci\u00f3n de asistencia: Por favor\n  p\u00f3ngase en contacto con el Subdirector de Comunicaciones, Bradley Zint, <a href=\"mailto:bzint@rcbo.org\" target=\"_blank\" rel=\"noopener\">bzint@rcbo.org,<\/a>\n  (714) 282-6052<\/p>\n                            <p>*<br><strong>Marian Days Media Preview Day<br><\/strong>Qu\u00e9: Los miembros de los medios de comunicaci\u00f3n est\u00e1n\n  invitados a visitar el campus antes de las Jornadas Marianas para escuchar al obispo Thanh Thai Nguyen.\n  y otros hablan de este acontecimiento de dos d\u00edas y de su inspiraci\u00f3n. La presentaci\u00f3n\n  incluyen una visita al Santuario de Nuestra Se\u00f1ora de La Vang. Las oportunidades de entrevista ser\u00e1n\n  disponible.<\/p>\n                            <p>Cu\u00e1ndo: 9 a.m. 22 de junio de 2022<br>D\u00f3nde: Gran Galer\u00eda, campus de la Catedral de Cristo, 13280\n  Avenida Chapman, Garden Grove CA 92840<br>RSVPs: P\u00f3ngase en contacto con el Subdirector de\n  Comunicaciones Bradley Zint, <a href=\"mailto:bzint@rcbo.org\" target=\"_blank\" rel=\"noopener\">bzint@rcbo.org,<\/a>(714) 282-6052<\/p>\n                            <p>*<br><strong>Acerca de la Di\u00f3cesis Cat\u00f3lica Romana de Orange<\/strong><br>Con 1,3 millones de\n  cat\u00f3licos, 57 parroquias, cinco centros cat\u00f3licos y 35 escuelas, la di\u00f3cesis cat\u00f3lica romana\n  de Orange es una de las comunidades religiosas m\u00e1s grandes y diversas de Estados Unidos.\n  La Di\u00f3cesis capacita a los cat\u00f3licos de todo el Condado de Orange para tener una vida activa de fe que\n  se integra y se teje en el tejido de su vida cotidiana a trav\u00e9s de la comunidad y la\n  vida sacramental de la Iglesia. Bajo la direcci\u00f3n del obispo Kevin Vann, la di\u00f3cesis\n  trabaja para establecer y apoyar parroquias y escuelas din\u00e1micas y vibrantes que acojan a todos a\n  vivir el Evangelio con fe, alegr\u00eda, caridad y unidad. Catedral de Cristo, el hogar espiritual\n  del obispo de Orange, se dedic\u00f3 en julio de 2019. M\u00e1s informaci\u00f3n sobre la Di\u00f3cesis de\n  Naranja en <a href=\"https:\/\/dioceseofocstg.wpengine.com\/\" target=\"_blank\" rel=\"noopener\">www.dioceseofocstg.wpengine.com.<\/a><\/p>\n                        <\/div>\n                    <\/div>\n                <\/div>\n            <\/div>\n        <\/div>\n    <\/div>\n\t\t\t\t\t\t<\/div>\n\t\t\t\t<\/div>\n\t\t\t\t\t<\/div>\n\t\t<\/div>\n\t\t\t\t\t<\/div>\n\t\t<\/section>\n\t\t\t\t<\/div>\n\t\t","protected":false},"excerpt":{"rendered":"Se espera que el acontecimiento de los d\u00edas 1 y 2 de julio, inspirado en las Jornadas Marianas que se celebraron por primera vez en Missouri en 1978, atraiga a miles de fieles, especialmente cat\u00f3licos vietnamitas, en un ambiente festivo de culto, procesiones, talleres, comida y entretenimiento.","protected":false},"featured_media":35978,"parent":0,"template":"","newsroom_category":[1326,1240],"newsroom_tag":[2636,2635,1638],"class_list":["post-111846","newsroom","type-newsroom","status-publish","has-post-thumbnail","hentry","newsroom_category-christ-cathedral-es","newsroom_category-press-release-es","newsroom_tag-dias-marianos","newsroom_tag-masa","newsroom_tag-our-lady-of-la-vang-es","entry"],"acf":[],"yoast_head":"<!-- This site is optimized with the Yoast SEO plugin v24.8.1 - https:\/\/yoast.com\/wordpress\/plugins\/seo\/ -->\n<title>La Di\u00f3cesis de Orange y la Catedral de Cristo lanzan la celebraci\u00f3n inaugural de las Jornadas Marianas - nombre del RCBO<\/title>\n<meta name=\"robots\" content=\"noindex, follow, max-snippet:-1, max-image-preview:large, max-video-preview:-1\" \/>\n<meta property=\"og:locale\" content=\"es_ES\" \/>\n<meta property=\"og:type\" content=\"article\" \/>\n<meta property=\"og:title\" content=\"La Di\u00f3cesis de Orange y la Catedral de Cristo lanzan la celebraci\u00f3n inaugural de las Jornadas Marianas - nombre del RCBO\" \/>\n<meta property=\"og:description\" content=\"Se espera que el acontecimiento de los d\u00edas 1 y 2 de julio, inspirado en las Jornadas Marianas que se celebraron por primera vez en Missouri en 1978, atraiga a miles de fieles, especialmente cat\u00f3licos vietnamitas, en un ambiente festivo de culto, procesiones, talleres, comida y entretenimiento.\" \/>\n<meta property=\"og:url\" content=\"https:\/\/dioceseofocstg.wpengine.com\/es\/newsroom-archive\/inaugural-marian-days-celebration\/\" \/>\n<meta property=\"og:site_name\" content=\"RCBO\" \/>\n<meta property=\"article:modified_time\" content=\"2023-05-04T05:47:47+00:00\" \/>\n<meta property=\"og:image\" content=\"https:\/\/dioceseofocstg.wpengine.com\/wp-content\/uploads\/2022\/06\/2022-02-05-our-lady-of-la-vang-lunar-new-year-19-medium.jpg\" \/>\n\t<meta property=\"og:image:width\" content=\"1600\" \/>\n\t<meta property=\"og:image:height\" content=\"1043\" \/>\n\t<meta property=\"og:image:type\" content=\"image\/jpeg\" \/>\n<meta name=\"twitter:card\" content=\"summary_large_image\" \/>\n<meta name=\"twitter:label1\" content=\"Tiempo de lectura\" \/>\n\t<meta name=\"twitter:data1\" content=\"7 minutos\" \/>\n\t<meta name=\"twitter:label2\" content=\"Written by\" \/>\n\t<meta name=\"twitter:data2\" content=\"rcbo\" \/>\n<script type=\"application\/ld+json\" class=\"yoast-schema-graph\">{\"@context\":\"https:\/\/schema.org\",\"@graph\":[{\"@type\":\"WebPage\",\"@id\":\"https:\/\/dioceseofocstg.wpengine.com\/es\/newsroom-archive\/inaugural-marian-days-celebration\/\",\"url\":\"https:\/\/dioceseofocstg.wpengine.com\/es\/newsroom-archive\/inaugural-marian-days-celebration\/\",\"name\":\"La Di\u00f3cesis de Orange y la Catedral de Cristo lanzan la celebraci\u00f3n inaugural de las Jornadas Marianas - nombre del RCBO\",\"isPartOf\":{\"@id\":\"https:\/\/dioceseofocstg.wpengine.com\/es\/#website\"},\"primaryImageOfPage\":{\"@id\":\"https:\/\/dioceseofocstg.wpengine.com\/es\/newsroom-archive\/inaugural-marian-days-celebration\/#primaryimage\"},\"image\":{\"@id\":\"https:\/\/dioceseofocstg.wpengine.com\/es\/newsroom-archive\/inaugural-marian-days-celebration\/#primaryimage\"},\"thumbnailUrl\":\"https:\/\/dioceseofocstg.wpengine.com\/wp-content\/uploads\/2022\/06\/2022-02-05-our-lady-of-la-vang-lunar-new-year-19-medium.jpg\",\"datePublished\":\"2023-02-08T09:52:25+00:00\",\"dateModified\":\"2023-05-04T05:47:47+00:00\",\"breadcrumb\":{\"@id\":\"https:\/\/dioceseofocstg.wpengine.com\/es\/newsroom-archive\/inaugural-marian-days-celebration\/#breadcrumb\"},\"inLanguage\":\"es\",\"potentialAction\":[{\"@type\":\"ReadAction\",\"target\":[\"https:\/\/dioceseofocstg.wpengine.com\/es\/newsroom-archive\/inaugural-marian-days-celebration\/\"]}]},{\"@type\":\"ImageObject\",\"inLanguage\":\"es\",\"@id\":\"https:\/\/dioceseofocstg.wpengine.com\/es\/newsroom-archive\/inaugural-marian-days-celebration\/#primaryimage\",\"url\":\"https:\/\/dioceseofocstg.wpengine.com\/wp-content\/uploads\/2022\/06\/2022-02-05-our-lady-of-la-vang-lunar-new-year-19-medium.jpg\",\"contentUrl\":\"https:\/\/dioceseofocstg.wpengine.com\/wp-content\/uploads\/2022\/06\/2022-02-05-our-lady-of-la-vang-lunar-new-year-19-medium.jpg\",\"width\":1600,\"height\":1043},{\"@type\":\"BreadcrumbList\",\"@id\":\"https:\/\/dioceseofocstg.wpengine.com\/es\/newsroom-archive\/inaugural-marian-days-celebration\/#breadcrumb\",\"itemListElement\":[{\"@type\":\"ListItem\",\"position\":1,\"name\":\"Newsroom\",\"item\":\"https:\/\/dioceseofocstg.wpengine.com\/es\/newsroom-archive\/\"},{\"@type\":\"ListItem\",\"position\":2,\"name\":\"La Di\u00f3cesis de Orange y la Catedral de Cristo lanzan la celebraci\u00f3n inaugural de las Jornadas Marianas\"}]},{\"@type\":\"WebSite\",\"@id\":\"https:\/\/dioceseofocstg.wpengine.com\/es\/#website\",\"url\":\"https:\/\/dioceseofocstg.wpengine.com\/es\/\",\"name\":\"RCBO\",\"description\":\"The Roman Catholic Diocese of Orange\",\"publisher\":{\"@id\":\"https:\/\/dioceseofocstg.wpengine.com\/es\/#organization\"},\"potentialAction\":[{\"@type\":\"SearchAction\",\"target\":{\"@type\":\"EntryPoint\",\"urlTemplate\":\"https:\/\/dioceseofocstg.wpengine.com\/es\/?s={search_term_string}\"},\"query-input\":{\"@type\":\"PropertyValueSpecification\",\"valueRequired\":true,\"valueName\":\"search_term_string\"}}],\"inLanguage\":\"es\"},{\"@type\":\"Organization\",\"@id\":\"https:\/\/dioceseofocstg.wpengine.com\/es\/#organization\",\"name\":\"Di\u00f3cesis Cat\u00f3lica Romana de Orange\",\"alternateName\":\"RCBO\",\"url\":\"https:\/\/dioceseofocstg.wpengine.com\/es\/\",\"logo\":{\"@type\":\"ImageObject\",\"inLanguage\":\"es\",\"@id\":\"https:\/\/dioceseofocstg.wpengine.com\/es\/#\/schema\/logo\/image\/\",\"url\":\"https:\/\/dioceseofocstg.wpengine.com\/wp-content\/uploads\/2021\/12\/logo-black.png\",\"contentUrl\":\"https:\/\/dioceseofocstg.wpengine.com\/wp-content\/uploads\/2021\/12\/logo-black.png\",\"width\":215,\"height\":59,\"caption\":\"Di\u00f3cesis Cat\u00f3lica Romana de Orange\"},\"image\":{\"@id\":\"https:\/\/dioceseofocstg.wpengine.com\/es\/#\/schema\/logo\/image\/\"}}]}<\/script>\n<!-- \/ Yoast SEO plugin. -->","yoast_head_json":{"title":"La Di\u00f3cesis de Orange y la Catedral de Cristo lanzan la celebraci\u00f3n inaugural de las Jornadas Marianas - nombre del RCBO","robots":{"index":"noindex","follow":"follow","max-snippet":"max-snippet:-1","max-image-preview":"max-image-preview:large","max-video-preview":"max-video-preview:-1"},"og_locale":"es_ES","og_type":"article","og_title":"La Di\u00f3cesis de Orange y la Catedral de Cristo lanzan la celebraci\u00f3n inaugural de las Jornadas Marianas - nombre del RCBO","og_description":"Se espera que el acontecimiento de los d\u00edas 1 y 2 de julio, inspirado en las Jornadas Marianas que se celebraron por primera vez en Missouri en 1978, atraiga a miles de fieles, especialmente cat\u00f3licos vietnamitas, en un ambiente festivo de culto, procesiones, talleres, comida y entretenimiento.","og_url":"https:\/\/dioceseofocstg.wpengine.com\/es\/newsroom-archive\/inaugural-marian-days-celebration\/","og_site_name":"RCBO","article_modified_time":"2023-05-04T05:47:47+00:00","og_image":[{"width":1600,"height":1043,"url":"https:\/\/dioceseofocstg.wpengine.com\/wp-content\/uploads\/2022\/06\/2022-02-05-our-lady-of-la-vang-lunar-new-year-19-medium.jpg","type":"image\/jpeg"}],"twitter_card":"summary_large_image","twitter_misc":{"Tiempo de lectura":"7 minutos","Written by":"rcbo"},"schema":{"@context":"https:\/\/schema.org","@graph":[{"@type":"WebPage","@id":"https:\/\/dioceseofocstg.wpengine.com\/es\/newsroom-archive\/inaugural-marian-days-celebration\/","url":"https:\/\/dioceseofocstg.wpengine.com\/es\/newsroom-archive\/inaugural-marian-days-celebration\/","name":"La Di\u00f3cesis de Orange y la Catedral de Cristo lanzan la celebraci\u00f3n inaugural de las Jornadas Marianas - nombre del RCBO","isPartOf":{"@id":"https:\/\/dioceseofocstg.wpengine.com\/es\/#website"},"primaryImageOfPage":{"@id":"https:\/\/dioceseofocstg.wpengine.com\/es\/newsroom-archive\/inaugural-marian-days-celebration\/#primaryimage"},"image":{"@id":"https:\/\/dioceseofocstg.wpengine.com\/es\/newsroom-archive\/inaugural-marian-days-celebration\/#primaryimage"},"thumbnailUrl":"https:\/\/dioceseofocstg.wpengine.com\/wp-content\/uploads\/2022\/06\/2022-02-05-our-lady-of-la-vang-lunar-new-year-19-medium.jpg","datePublished":"2023-02-08T09:52:25+00:00","dateModified":"2023-05-04T05:47:47+00:00","breadcrumb":{"@id":"https:\/\/dioceseofocstg.wpengine.com\/es\/newsroom-archive\/inaugural-marian-days-celebration\/#breadcrumb"},"inLanguage":"es","potentialAction":[{"@type":"ReadAction","target":["https:\/\/dioceseofocstg.wpengine.com\/es\/newsroom-archive\/inaugural-marian-days-celebration\/"]}]},{"@type":"ImageObject","inLanguage":"es","@id":"https:\/\/dioceseofocstg.wpengine.com\/es\/newsroom-archive\/inaugural-marian-days-celebration\/#primaryimage","url":"https:\/\/dioceseofocstg.wpengine.com\/wp-content\/uploads\/2022\/06\/2022-02-05-our-lady-of-la-vang-lunar-new-year-19-medium.jpg","contentUrl":"https:\/\/dioceseofocstg.wpengine.com\/wp-content\/uploads\/2022\/06\/2022-02-05-our-lady-of-la-vang-lunar-new-year-19-medium.jpg","width":1600,"height":1043},{"@type":"BreadcrumbList","@id":"https:\/\/dioceseofocstg.wpengine.com\/es\/newsroom-archive\/inaugural-marian-days-celebration\/#breadcrumb","itemListElement":[{"@type":"ListItem","position":1,"name":"Newsroom","item":"https:\/\/dioceseofocstg.wpengine.com\/es\/newsroom-archive\/"},{"@type":"ListItem","position":2,"name":"La Di\u00f3cesis de Orange y la Catedral de Cristo lanzan la celebraci\u00f3n inaugural de las Jornadas Marianas"}]},{"@type":"WebSite","@id":"https:\/\/dioceseofocstg.wpengine.com\/es\/#website","url":"https:\/\/dioceseofocstg.wpengine.com\/es\/","name":"RCBO","description":"The Roman Catholic Diocese of Orange","publisher":{"@id":"https:\/\/dioceseofocstg.wpengine.com\/es\/#organization"},"potentialAction":[{"@type":"SearchAction","target":{"@type":"EntryPoint","urlTemplate":"https:\/\/dioceseofocstg.wpengine.com\/es\/?s={search_term_string}"},"query-input":{"@type":"PropertyValueSpecification","valueRequired":true,"valueName":"search_term_string"}}],"inLanguage":"es"},{"@type":"Organization","@id":"https:\/\/dioceseofocstg.wpengine.com\/es\/#organization","name":"Di\u00f3cesis Cat\u00f3lica Romana de Orange","alternateName":"RCBO","url":"https:\/\/dioceseofocstg.wpengine.com\/es\/","logo":{"@type":"ImageObject","inLanguage":"es","@id":"https:\/\/dioceseofocstg.wpengine.com\/es\/#\/schema\/logo\/image\/","url":"https:\/\/dioceseofocstg.wpengine.com\/wp-content\/uploads\/2021\/12\/logo-black.png","contentUrl":"https:\/\/dioceseofocstg.wpengine.com\/wp-content\/uploads\/2021\/12\/logo-black.png","width":215,"height":59,"caption":"Di\u00f3cesis Cat\u00f3lica Romana de Orange"},"image":{"@id":"https:\/\/dioceseofocstg.wpengine.com\/es\/#\/schema\/logo\/image\/"}}]}},"_links":{"self":[{"href":"https:\/\/dioceseofocstg.wpengine.com\/es\/wp-json\/wp\/v2\/newsroom\/111846","targetHints":{"allow":["GET"]}}],"collection":[{"href":"https:\/\/dioceseofocstg.wpengine.com\/es\/wp-json\/wp\/v2\/newsroom"}],"about":[{"href":"https:\/\/dioceseofocstg.wpengine.com\/es\/wp-json\/wp\/v2\/types\/newsroom"}],"version-history":[{"count":0,"href":"https:\/\/dioceseofocstg.wpengine.com\/es\/wp-json\/wp\/v2\/newsroom\/111846\/revisions"}],"wp:featuredmedia":[{"embeddable":true,"href":"https:\/\/dioceseofocstg.wpengine.com\/es\/wp-json\/wp\/v2\/media\/35978"}],"wp:attachment":[{"href":"https:\/\/dioceseofocstg.wpengine.com\/es\/wp-json\/wp\/v2\/media?parent=111846"}],"wp:term":[{"taxonomy":"newsroom_category","embeddable":true,"href":"https:\/\/dioceseofocstg.wpengine.com\/es\/wp-json\/wp\/v2\/newsroom_category?post=111846"},{"taxonomy":"newsroom_tag","embeddable":true,"href":"https:\/\/dioceseofocstg.wpengine.com\/es\/wp-json\/wp\/v2\/newsroom_tag?post=111846"}],"curies":[{"name":"wp","href":"https:\/\/api.w.org\/{rel}","templated":true}]}}